[{"@context":"https:\/\/schema.org\/","@type":"Article","@id":"https:\/\/www.bawaria.cz\/ze-by-konec-pavla-vrby\/#Article","mainEntityOfPage":"https:\/\/www.bawaria.cz\/ze-by-konec-pavla-vrby\/","headline":"\u017de by konec Pavla Vrby?","name":"\u017de by konec Pavla Vrby?","description":"S touto ne\u00fastupnost\u00ed samoz\u0159ejm\u011b souvis\u00ed i to, \u017ee tren\u00e9r m\u00e1 zkr\u00e1tka svoje obl\u00edbence. Hr\u00e1\u010di jako Limbersk\u00fd, Krmen\u010d\u00edk, \u0158ezn\u00edk nebo Hro\u0161ovsk\u00fd prost\u011b hraj\u00ed za ka\u017edou cenu. V posledn\u00ed dob\u011b pak byla plze\u0148sk\u00e9mu tren\u00e9rovi vy\u010d\u00edt\u00e1na p\u0159estupov\u00e1 politika. Tady se v\u0161ak mus\u00edm P\u00e1ji zastat &#8211; d\u00edky finan\u010dn\u00ed s\u00edle Daniela K\u0159et\u00ednsk\u00e9ho a \u010d\u00ednsk\u00e9mu sponzorovi","datePublished":"2019-12-05","dateModified":"2023-04-30","author":{"@type":"Person","@id":"https:\/\/www.bawaria.cz\/author\/#Person","name":"","url":"https:\/\/www.bawaria.cz\/author\/","identifier":1,"image":{"@type":"ImageObject","@id":"https:\/\/secure.gravatar.com\/avatar\/45cce3ff3a69e980af55a575ffd049b1ca7466e42c95228e9726614e4b91f633?s=96&d=mm&r=g","url":"https:\/\/secure.gravatar.com\/avatar\/45cce3ff3a69e980af55a575ffd049b1ca7466e42c95228e9726614e4b91f633?s=96&d=mm&r=g","height":96,"width":96}},"publisher":{"@type":"Organization","name":"bawaria.cz","logo":{"@type":"ImageObject","@id":"\/logo.png","url":"\/logo.png","width":600,"height":60}},"image":{"@type":"ImageObject","@id":"https:\/\/www.bawaria.cz\/wp-content\/uploads\/img_a362851_w3919_t1575806316.jpg","url":"https:\/\/www.bawaria.cz\/wp-content\/uploads\/img_a362851_w3919_t1575806316.jpg","height":0,"width":0},"url":"https:\/\/www.bawaria.cz\/ze-by-konec-pavla-vrby\/","about":["Sport"],"wordCount":568,"articleBody":"S touto ne\u00fastupnost\u00ed samoz\u0159ejm\u011b souvis\u00ed i to, \u017ee tren\u00e9r m\u00e1 zkr\u00e1tka svoje obl\u00edbence. Hr\u00e1\u010di jako Limbersk\u00fd, Krmen\u010d\u00edk, \u0158ezn\u00edk nebo Hro\u0161ovsk\u00fd prost\u011b hraj\u00ed za ka\u017edou cenu. V posledn\u00ed dob\u011b pak byla plze\u0148sk\u00e9mu tren\u00e9rovi vy\u010d\u00edt\u00e1na p\u0159estupov\u00e1 politika. Tady se v\u0161ak mus\u00edm P\u00e1ji zastat &#8211; d\u00edky finan\u010dn\u00ed s\u00edle Daniela K\u0159et\u00ednsk\u00e9ho a \u010d\u00ednsk\u00e9mu sponzorovi Slavie Praha se povedlo pra\u017esk\u00fdm S zdecimovat \u010desk\u00fd trh natolik, \u017ee i klub jako Viktoria se s nimi m\u016f\u017ee jen horkot\u011b\u017eko p\u0159etahovat o hr\u00e1\u010de.D\u016fkazem toho jsou t\u0159eba letn\u00ed p\u0159estupy Slavie. Mlad\u00fd Provod (mimochodem hr\u00e1\u010d Plzn\u011b), o kter\u00e9m p\u0159ed 14 dny drtiv\u00e1 v\u011bt\u0161ina \u010desk\u00e9 fotbalov\u00e9 ve\u0159ejnosti nikdy nesly\u0161ela, najednou stoj\u00ed 20 milion\u016f korun, co\u017e je \u010d\u00e1stka, za kterou v r\u00e1mci ligy d\u0159\u00edve p\u0159estupovali \u010de\u0161t\u00ed reprezentanti. U jabloneck\u00e9ho Hole\u0161e se dokonce hovo\u0159\u00ed o 30 milionech, a to se nezmi\u0148uji o cifr\u00e1ch, kter\u00e9 l\u00edtaly okolo hr\u00e1\u010d\u016f jako Stanciu nebo Olayinka. A\u010dkoliv Viktorka vyd\u011blala p\u0159i sv\u00e9m posledn\u00edm ta\u017een\u00ed Ligou Mistr\u016f nemal\u00e9 finan\u010dn\u00ed prost\u0159edky, toto jsou pen\u00edze, kter\u00e9 za hr\u00e1\u010de d\u00e1t nem\u016f\u017ee. Vra\u0165me se v\u0161ak k p\u016fvodn\u00ed ot\u00e1zce &#8211; prosp\u011bl by Plzni odchod tren\u00e9ra? Moje odpov\u011b\u010f zn\u00ed, \u017ee si to v sou\u010dasn\u00e9 chv\u00edli a situaci nedovedu p\u0159edstavit. On je \u010dlov\u011bk, kter\u00fd s t\u00edmto klubem s p\u0159est\u00e1vkou pracuje ji\u017e deset let. K\u00e1dr, kter\u00fd v Plzni p\u016fsob\u00ed, si vyb\u00edral s\u00e1m a mnoho hr\u00e1\u010d\u016f z\u00e1kladn\u00ed sestavy pracuje s\u00a0n\u00edm ji\u017e dlouhou dobu. Jak\u00fdkoliv nov\u00fd tren\u00e9r by m\u011bl nesm\u00edrn\u011b t\u011b\u017ekou pr\u00e1ci s nastolov\u00e1n\u00edm nov\u00fdch po\u0159\u00e1dk\u016f. Trvalo by minim\u00e1ln\u011b 2-3 p\u0159estupov\u00e1 obdob\u00ed, ne\u017e by se zbavil p\u0159ebyte\u010dn\u00fdch hr\u00e1\u010d\u016f a nakoupil vhodn\u00e9 posily. Nesm\u00edme, tak\u00e9 zapomenou na fakt, \u017ee plze\u0148sk\u00fd k\u00e1dr pat\u0159\u00ed k t\u011bm nejstar\u0161\u00edm v \u010desk\u00e9 lize a ne nadarmo se \u0159\u00edk\u00e1, \u017ee star\u00e9ho psa nov\u00fdm kousk\u016fm nenau\u010d\u00ed\u0161. V tomto ohledu se nab\u00edz\u00ed paralela s dv\u011bma anglick\u00fdmi kluby, a to Arsenalem a Manchesterem United. Oba tyto kluby hr\u00e1li pod taktovkou jednoho mana\u017eera v\u00edce ne\u017e 20 let, oba tyto kluby byly nesm\u00edrn\u011b \u00fasp\u011b\u0161n\u00e9 a v podstat\u011b nastolovaly trendy anglick\u00e9ho fotbalu. Jen\u017ee v\u0161echno jednou kon\u010d\u00ed, a tak Sir Alex Ferguson i Arsene Wenger museli skon\u010dit.Od t\u00e9 doby se oba tyto man\u010dafty pot\u00e1cej\u00ed na hranici Ligy mistr\u016f a Evropsk\u00e9 ligy a k velk\u00fdm trofej\u00edm jsou na m\u00edle vzd\u00e1leny (pokud tedy nechceme po\u010d\u00edtat FA Cup \u010di pr\u00e1v\u011b Evropskou ligu). A\u0165 chceme nebo ne, Vrbova vl\u00e1da v Plzni jednou skon\u010d\u00ed. Ot\u00e1zkou je kdy. Nyn\u00ed bude na veden\u00ed vybrat vhodn\u00fd moment a hlavn\u011b vybrat vhodn\u00e9ho n\u00e1stupce. V sou\u010dasn\u00e9 dob\u011b se hodn\u011b mluv\u00ed o slovensk\u00e9m tren\u00e9ru Adri\u00e1nu Gulovi, kter\u00fd je v \u010deskoslovensk\u00e9m prost\u0159ed\u00ed aktu\u00e1ln\u011b asi nejzaj\u00edmav\u011bj\u0161\u00ed, pro Plze\u0148 dostupn\u00fd, fotbalov\u00fd tren\u00e9r. Nen\u00ed v\u0161ak velk\u00fd risk povolat do zbran\u011b \u010dlov\u011bka, kter\u00fd v \u010cesku jako tren\u00e9r nep\u016fsobil a nezn\u00e1 tolik m\u00edstn\u00ed prost\u0159ed\u00ed a fotbalovou kulturu?                                                                                                                                                                                                                                                                                                                                                                                        4.4\/5 - (14 votes)        "},{"@context":"https:\/\/schema.org\/","@type":"BreadcrumbList","itemListElement":[{"@type":"ListItem","position":1,"name":"\u017de by konec Pavla Vrby?","item":"https:\/\/www.bawaria.cz\/ze-by-konec-pavla-vrby\/#breadcrumbitem"}]}]